{"id":5817,"date":"2025-04-17T06:48:26","date_gmt":"2025-04-17T06:48:26","guid":{"rendered":"https:\/\/www.textifab.com\/?p=5817"},"modified":"2025-11-25T09:01:13","modified_gmt":"2025-11-25T09:01:13","slug":"accessoires-textiles-professionnels","status":"publish","type":"post","link":"https:\/\/www.textifab.com\/fr\/accessoires-textiles-professionnels\/","title":{"rendered":"Accessoires textiles professionnels personnalis\u00e9s : s\u00e9curisez vos \u00e9quipes aux couleurs de votre entreprise"},"content":{"rendered":"\n<article>\n<h2>Bonnets, casquettes de s\u00e9curit\u00e9 et bobs professionnels : solutions personnalis\u00e9es \u00e0 chaque m\u00e9tier<\/h2>\n\n<p>Le textile professionnel ne se limite plus \u00e0 l\u2019uniforme classique. Aujourd\u2019hui, les entreprises recherchent des solutions conformes, pratiques et identitaires. Que ce soit dans la logistique, l\u2019agriculture, le BTP ou la livraison, chaque m\u00e9tier impose ses contraintes de confort, de visibilit\u00e9 ou de s\u00e9curit\u00e9. Chez <strong>Textifab<\/strong>, nous concevons des <a href=\"\/fr\/textile-sur-mesure\/\">accessoires textiles sur mesure<\/a> qui r\u00e9pondent \u00e0 ces exigences sp\u00e9cifiques.<\/p>\n\n<h2>\ud83d\udee0\ufe0f Casquettes de s\u00e9curit\u00e9 personnalis\u00e9es<\/h2>\n<img decoding=\"async\" src=\"https:\/\/www.textifab.com\/wp-content\/uploads\/2025\/06\/casquette-securite-en812-textifab.jpg\" alt=\"Casquette de s\u00e9curit\u00e9 personnalis\u00e9e avec coque rigide int\u00e9gr\u00e9e, norme EN 812\" width=\"100%\" loading=\"lazy\" \/>\n<p><strong>Norme :<\/strong> EN 812:2012 \u2013 Protection anti-heurts<br>\n<strong>Produit :<\/strong> Casquette avec coque rigide ABS ou HDPE int\u00e9gr\u00e9e. Options : broderie, s\u00e9rigraphie, \u00e9tiquette tiss\u00e9e.<br>\n<strong>Utilisation :<\/strong> Pr\u00e9vention des blessures l\u00e9g\u00e8res dans entrep\u00f4ts, ateliers, zones techniques. Alternative l\u00e9g\u00e8re au casque EN 397.<br>\n<strong>Cas d\u2019\u00e9tude \u2013 Sofradex Logistique :<\/strong> Les agents portent une casquette ventil\u00e9e brod\u00e9e au logo pour allier s\u00e9curit\u00e9 et image d\u2019entreprise.<\/p>\n\n<h2>\ud83c\udf3e Bobs et chapeaux techniques avec moustiquaire<\/h2>\n<img decoding=\"async\" src=\"https:\/\/www.textifab.com\/wp-content\/uploads\/2025\/06\/bob-moustiquaire-apiculture-textifab.jpg\" alt=\"Bob technique avec filet moustiquaire pour apiculteur ou ouvrier agricole\" width=\"100%\" loading=\"lazy\" \/>\n<p><strong>Usage :<\/strong> Protection contre le soleil et les insectes<br>\n<strong>Produit :<\/strong> Bob en coton ou polyester avec filet rabattable. Personnalisation par sublimation, broderie ou s\u00e9rigraphie.<br>\n<strong>Utilisation :<\/strong> Apiculture, agriculture, mara\u00eechage, foresterie\u2026<br>\n<strong>Cas d\u2019\u00e9tude \u2013 Apinor Est :<\/strong> Des bobs moustiquaires sont fournis pour les inspections rapides de ruches.<br>\n<strong>Cas d\u2019\u00e9tude \u2013 <a href=\"\/fr\/bob-personnalise\/\">Domaine Vermeil &#038; Fils<\/a> :<\/strong> Chapeaux larges anti-UV pour les saisonniers vendangeurs.<\/p>\n\n<h2>\u2744\ufe0f Bonnets personnalis\u00e9s haute visibilit\u00e9 &#038; anti-froid<\/h2>\n<img decoding=\"async\" src=\"https:\/\/www.textifab.com\/wp-content\/uploads\/2025\/06\/bonnet-visibilite-hiver-textifab.jpg\" alt=\"Bonnet haute visibilit\u00e9 pour chantier, protection contre le froid\" width=\"100%\" loading=\"lazy\" \/>\n<p><strong>Normes :<\/strong> <a href=\"https:\/\/en.wikipedia.org\/wiki\/ISO_20471\">EN ISO 20471<\/a>, EN 14058, EN 343<br>\n<strong>Produit :<\/strong> Bonnet en acrylique, coton ou doubl\u00e9 polaire. Finitions : broderie, \u00e9tiquette, patch cousu.<br>\n<strong>Utilisation :<\/strong> BTP, livraison, maintenance en ext\u00e9rieur. Convient aussi comme goodie hivernal.<br>\n<strong>Cas d\u2019\u00e9tude \u2013 <a href=\"\/fr\/bonnet-publicitaire-personnalise\/\">AltiBat Construction<\/a> :<\/strong> Les ouvriers portent un bonnet doubl\u00e9 \u00e0 bandes r\u00e9fl\u00e9chissantes visibles d\u00e8s l\u2019aube.<br>\n<strong>Cas d\u2019\u00e9tude \u2013 NordExpress :<\/strong> Les livreurs re\u00e7oivent chaque hiver un bonnet brod\u00e9, synonyme d\u2019appartenance \u00e0 l\u2019entreprise.<\/p>\n\n<h2>\ud83d\udcca Comparatif rapide<\/h2>\n<table>\n<thead>\n<tr>\n<th>Produit<\/th>\n<th>Norme<\/th>\n<th>Mati\u00e8re<\/th>\n<th>Personnalisation<\/th>\n<th>Usage<\/th>\n<\/tr>\n<\/thead>\n<tbody>\n<tr>\n<td>Casquette de s\u00e9curit\u00e9<\/td>\n<td>EN 812<\/td>\n<td>Textile + coque ABS\/HDPE<\/td>\n<td>Broderie, \u00e9tiquette<\/td>\n<td>Logistique, ateliers<\/td>\n<\/tr>\n<tr>\n<td>Bob moustiquaire<\/td>\n<td>\u2013<\/td>\n<td>Coton \/ Polyester<\/td>\n<td>S\u00e9rigraphie, broderie<\/td>\n<td>Apiculture, agriculture<\/td>\n<\/tr>\n<tr>\n<td>Bonnet HV anti-froid<\/td>\n<td>EN ISO 20471, EN 14058<\/td>\n<td>Acrylique \/ Polaire<\/td>\n<td>Patch, broderie<\/td>\n<td>BTP, livraison hivernale<\/td>\n<\/tr>\n<\/tbody>\n<\/table>\n\n<h2>\ud83d\udcac T\u00e9moignage client<\/h2>\n<blockquote>\n<p>\u201cNous cherchions une alternative aux casques rigides trop lourds pour notre entrep\u00f4t. Textifab nous a fourni des casquettes anti-heurts conformes, brod\u00e9es \u00e0 notre logo. Livraison rapide, tr\u00e8s bon suivi. On recommande.\u201d<br>\n\u2014 Responsable logistique, secteur e-commerce<\/p>\n<\/blockquote>\n\n<h2>\u2753 Foire aux questions<\/h2>\n<h3>Quels sont les d\u00e9lais de fabrication ?<\/h3>\n<p>En g\u00e9n\u00e9ral, comptez 30 \u00e0 45 jours de production + transport. Un \u00e9chantillon peut \u00eatre envoy\u00e9 avant lancement.<\/p>\n\n<h3>Quel est le minimum de commande ?<\/h3>\n<p>1 000 pi\u00e8ces par type d\u2019accessoire textile.<\/p>\n\n<h3>Peut-on mixer les tailles ou couleurs ?<\/h3>\n<p>Oui, dans une certaine limite. Exemple : 1 000 bonnets r\u00e9partis sur 2 coloris.<\/p>\n\n<h3>Les produits sont-ils lavables ?<\/h3>\n<p>Oui, nos tissus et marquages sont test\u00e9s pour un usage professionnel r\u00e9gulier.<\/p>\n\n<h2>\u2705 Pourquoi faire appel \u00e0 Textifab ?<\/h2>\n<ul>\n \t<li>Produits conformes aux normes : EN 812, ISO 20471, EN 14058\u2026<\/li>\n \t<li>Personnalisation compl\u00e8te : Pantone, broderie, patchs, \u00e9tiquettes tiss\u00e9es\u2026<\/li>\n \t<li><a href=\"\/fr\/textile-sur-mesure\/\">Fabrication sur mesure<\/a> en Asie ou Turquie, avec audit qualit\u00e9<\/li>\n \t<li>Minimum de commande : 1 000 unit\u00e9s<\/li>\n \t<li><a href=\"\/fr\/lingettes-microfibres-personnalisees-industrie\/\">Accessoires compl\u00e9mentaires<\/a> : lingettes microfibres, gants, tabliers<\/li>\n  <li>Compl\u00e9tez vos dotations avec nos <a href=\"\/fr\/veste-softshell-2-ou-3-couches-comment-choisir\/\">vestes softshell techniques<\/a><\/li>\n<\/ul>\n\n<h2>\ud83d\udce9 Vous avez un projet textile professionnel ?<\/h2>\n<p>Textifab vous accompagne dans la cr\u00e9ation de casquettes de s\u00e9curit\u00e9, bobs techniques ou bonnets adapt\u00e9s \u00e0 votre activit\u00e9.<br>\n\ud83d\udc49 <a href=\"\/fr\/contact-us\/\"><strong>Contactez notre \u00e9quipe<\/strong><\/a> pour une \u00e9tude personnalis\u00e9e.<\/p>\n<\/article>\n","protected":false},"excerpt":{"rendered":"<p>Bonnets, casquettes de s\u00e9curit\u00e9 et bobs professionnels : solutions personnalis\u00e9es \u00e0 chaque m\u00e9tier Le textile professionnel ne se limite plus \u00e0 l\u2019uniforme classique. Aujourd\u2019hui, les entreprises recherchent des solutions conformes, pratiques et identitaires. Que ce soit dans la logistique, l\u2019agriculture, le BTP ou la livraison, chaque m\u00e9tier impose ses contraintes de confort, de visibilit\u00e9 ou &hellip;<\/p>\n<p class=\"read-more\"> <a class=\"\" href=\"https:\/\/www.textifab.com\/fr\/accessoires-textiles-professionnels\/\"> <span class=\"screen-reader-text\">Accessoires textiles professionnels personnalis\u00e9s : s\u00e9curisez vos \u00e9quipes aux couleurs de votre entreprise<\/span> Lire la suite\u00a0\u00bb<\/a><\/p>\n","protected":false},"author":8,"featured_media":5821,"comment_status":"closed","ping_status":"closed","sticky":false,"template":"","format":"standard","meta":{"site-sidebar-layout":"default","site-content-layout":"default","ast-global-header-display":"","ast-main-header-display":"","ast-hfb-above-header-display":"","ast-hfb-below-header-display":"","ast-hfb-mobile-header-display":"","site-post-title":"","ast-breadcrumbs-content":"","ast-featured-img":"","footer-sml-layout":"","theme-transparent-header-meta":"","adv-header-id-meta":"","stick-header-meta":"","header-above-stick-meta":"","header-main-stick-meta":"","header-below-stick-meta":"","footnotes":""},"categories":[22],"tags":[],"class_list":["post-5817","post","type-post","status-publish","format-standard","has-post-thumbnail","hentry","category-non-classifiee"],"yoast_head":"<!-- This site is optimized with the Yoast SEO Premium plugin v27.0 (Yoast SEO v27.2) - https:\/\/yoast.com\/product\/yoast-seo-premium-wordpress\/ -->\n<title>Accessoires textiles professionnels personnalis\u00e9s \u2013 Casquettes, bobs, bonnets<\/title>\n<meta name=\"description\" content=\"Accessoires textiles techniques personnalis\u00e9s : casquettes EN 812, bobs moustiquaire, bonnets haute visibilit\u00e9. Minimum 1 000 pi\u00e8ces.\" \/>\n<meta name=\"robots\" content=\"index, follow, max-snippet:-1, max-image-preview:large, max-video-preview:-1\" \/>\n<link rel=\"canonical\" href=\"https:\/\/www.textifab.com\/fr\/accessoires-textiles-professionnels\/\" \/>\n<meta property=\"og:locale\" content=\"fr_FR\" \/>\n<meta property=\"og:type\" content=\"article\" \/>\n<meta property=\"og:title\" content=\"Accessoires textiles professionnels personnalis\u00e9s : s\u00e9curisez vos \u00e9quipes aux couleurs de votre entreprise\" \/>\n<meta property=\"og:description\" content=\"Accessoires textiles techniques personnalis\u00e9s : casquettes EN 812, bobs moustiquaire, bonnets haute visibilit\u00e9. Minimum 1 000 pi\u00e8ces.\" \/>\n<meta property=\"og:url\" content=\"https:\/\/www.textifab.com\/fr\/accessoires-textiles-professionnels\/\" \/>\n<meta property=\"og:site_name\" content=\"Textifab\" \/>\n<meta property=\"article:publisher\" content=\"https:\/\/www.facebook.com\/profile.php?id=100086633312534\" \/>\n<meta property=\"article:published_time\" content=\"2025-04-17T06:48:26+00:00\" \/>\n<meta property=\"article:modified_time\" content=\"2025-11-25T09:01:13+00:00\" \/>\n<meta property=\"og:image\" content=\"https:\/\/www.textifab.com\/wp-content\/uploads\/2025\/04\/Custom-Safety-Headwear-for-Outdoor-Professionals.webp\" \/>\n\t<meta property=\"og:image:width\" content=\"1536\" \/>\n\t<meta property=\"og:image:height\" content=\"1024\" \/>\n\t<meta property=\"og:image:type\" content=\"image\/webp\" \/>\n<meta name=\"author\" content=\"alex@textifab.com\" \/>\n<meta name=\"twitter:card\" content=\"summary_large_image\" \/>\n<meta name=\"twitter:label1\" content=\"\u00c9crit par\" \/>\n\t<meta name=\"twitter:data1\" content=\"alex@textifab.com\" \/>\n\t<meta name=\"twitter:label2\" content=\"Dur\u00e9e de lecture estim\u00e9e\" \/>\n\t<meta name=\"twitter:data2\" content=\"3 minutes\" \/>\n<script type=\"application\/ld+json\" class=\"yoast-schema-graph\">{\"@context\":\"https:\/\/schema.org\",\"@graph\":[{\"@type\":\"Article\",\"@id\":\"https:\/\/www.textifab.com\/fr\/accessoires-textiles-professionnels\/#article\",\"isPartOf\":{\"@id\":\"https:\/\/www.textifab.com\/fr\/accessoires-textiles-professionnels\/\"},\"author\":{\"name\":\"alex@textifab.com\",\"@id\":\"https:\/\/www.textifab.com\/fr\/#\/schema\/person\/3525e8c28a2ed4e455b0b8d96a9ac9e0\"},\"headline\":\"Accessoires textiles professionnels personnalis\u00e9s : s\u00e9curisez vos \u00e9quipes aux couleurs de votre entreprise\",\"datePublished\":\"2025-04-17T06:48:26+00:00\",\"dateModified\":\"2025-11-25T09:01:13+00:00\",\"mainEntityOfPage\":{\"@id\":\"https:\/\/www.textifab.com\/fr\/accessoires-textiles-professionnels\/\"},\"wordCount\":546,\"publisher\":{\"@id\":\"https:\/\/www.textifab.com\/fr\/#organization\"},\"image\":{\"@id\":\"https:\/\/www.textifab.com\/fr\/accessoires-textiles-professionnels\/#primaryimage\"},\"thumbnailUrl\":\"https:\/\/www.textifab.com\/wp-content\/uploads\/2025\/04\/Custom-Safety-Headwear-for-Outdoor-Professionals.webp\",\"articleSection\":[\"Non classifi\u00e9(e)\"],\"inLanguage\":\"fr-FR\"},{\"@type\":\"WebPage\",\"@id\":\"https:\/\/www.textifab.com\/fr\/accessoires-textiles-professionnels\/\",\"url\":\"https:\/\/www.textifab.com\/fr\/accessoires-textiles-professionnels\/\",\"name\":\"Accessoires textiles professionnels personnalis\u00e9s \u2013 Casquettes, bobs, bonnets\",\"isPartOf\":{\"@id\":\"https:\/\/www.textifab.com\/fr\/#website\"},\"primaryImageOfPage\":{\"@id\":\"https:\/\/www.textifab.com\/fr\/accessoires-textiles-professionnels\/#primaryimage\"},\"image\":{\"@id\":\"https:\/\/www.textifab.com\/fr\/accessoires-textiles-professionnels\/#primaryimage\"},\"thumbnailUrl\":\"https:\/\/www.textifab.com\/wp-content\/uploads\/2025\/04\/Custom-Safety-Headwear-for-Outdoor-Professionals.webp\",\"datePublished\":\"2025-04-17T06:48:26+00:00\",\"dateModified\":\"2025-11-25T09:01:13+00:00\",\"description\":\"Accessoires textiles techniques personnalis\u00e9s : casquettes EN 812, bobs moustiquaire, bonnets haute visibilit\u00e9. Minimum 1 000 pi\u00e8ces.\",\"breadcrumb\":{\"@id\":\"https:\/\/www.textifab.com\/fr\/accessoires-textiles-professionnels\/#breadcrumb\"},\"inLanguage\":\"fr-FR\",\"potentialAction\":[{\"@type\":\"ReadAction\",\"target\":[\"https:\/\/www.textifab.com\/fr\/accessoires-textiles-professionnels\/\"]}]},{\"@type\":\"ImageObject\",\"inLanguage\":\"fr-FR\",\"@id\":\"https:\/\/www.textifab.com\/fr\/accessoires-textiles-professionnels\/#primaryimage\",\"url\":\"https:\/\/www.textifab.com\/wp-content\/uploads\/2025\/04\/Custom-Safety-Headwear-for-Outdoor-Professionals.webp\",\"contentUrl\":\"https:\/\/www.textifab.com\/wp-content\/uploads\/2025\/04\/Custom-Safety-Headwear-for-Outdoor-Professionals.webp\",\"width\":1536,\"height\":1024,\"caption\":\"Professionnels en ext\u00e9rieur portant des accessoires de s\u00e9curit\u00e9 personnalis\u00e9s : casquette anti-heurt EN 812 avec bande r\u00e9fl\u00e9chissante, bob technique avec moustiquaire orange fluo et bonnet haute visibilit\u00e9, chacun marqu\u00e9 d\u2019un logo\"},{\"@type\":\"BreadcrumbList\",\"@id\":\"https:\/\/www.textifab.com\/fr\/accessoires-textiles-professionnels\/#breadcrumb\",\"itemListElement\":[{\"@type\":\"ListItem\",\"position\":1,\"name\":\"Home\",\"item\":\"https:\/\/www.textifab.com\/fr\/\"},{\"@type\":\"ListItem\",\"position\":2,\"name\":\"Accessoires textiles professionnels personnalis\u00e9s : s\u00e9curisez vos \u00e9quipes aux couleurs de votre entreprise\"}]},{\"@type\":\"WebSite\",\"@id\":\"https:\/\/www.textifab.com\/fr\/#website\",\"url\":\"https:\/\/www.textifab.com\/fr\/\",\"name\":\"Textifab\",\"description\":\"\",\"publisher\":{\"@id\":\"https:\/\/www.textifab.com\/fr\/#organization\"},\"potentialAction\":[{\"@type\":\"SearchAction\",\"target\":{\"@type\":\"EntryPoint\",\"urlTemplate\":\"https:\/\/www.textifab.com\/fr\/?s={search_term_string}\"},\"query-input\":{\"@type\":\"PropertyValueSpecification\",\"valueRequired\":true,\"valueName\":\"search_term_string\"}}],\"inLanguage\":\"fr-FR\"},{\"@type\":\"Organization\",\"@id\":\"https:\/\/www.textifab.com\/fr\/#organization\",\"name\":\"Textifab\",\"url\":\"https:\/\/www.textifab.com\/fr\/\",\"logo\":{\"@type\":\"ImageObject\",\"inLanguage\":\"fr-FR\",\"@id\":\"https:\/\/www.textifab.com\/fr\/#\/schema\/logo\/image\/\",\"url\":\"https:\/\/www.textifab.com\/wp-content\/uploads\/2023\/02\/Group-26-pzwpbkch5vpvsfzpl8id9b23kjljzvegpbq58orjcg-e1675918331862.png\",\"contentUrl\":\"https:\/\/www.textifab.com\/wp-content\/uploads\/2023\/02\/Group-26-pzwpbkch5vpvsfzpl8id9b23kjljzvegpbq58orjcg-e1675918331862.png\",\"width\":242,\"height\":56,\"caption\":\"Textifab\"},\"image\":{\"@id\":\"https:\/\/www.textifab.com\/fr\/#\/schema\/logo\/image\/\"},\"sameAs\":[\"https:\/\/www.facebook.com\/profile.php?id=100086633312534\",\"https:\/\/www.instagram.com\/textifab\"]},{\"@type\":\"Person\",\"@id\":\"https:\/\/www.textifab.com\/fr\/#\/schema\/person\/3525e8c28a2ed4e455b0b8d96a9ac9e0\",\"name\":\"alex@textifab.com\",\"image\":{\"@type\":\"ImageObject\",\"inLanguage\":\"fr-FR\",\"@id\":\"https:\/\/secure.gravatar.com\/avatar\/afb33d1313b8685188835edc3a7bc765b79995ca67217757eeedd405ca66311b?s=96&d=mm&r=g\",\"url\":\"https:\/\/secure.gravatar.com\/avatar\/afb33d1313b8685188835edc3a7bc765b79995ca67217757eeedd405ca66311b?s=96&d=mm&r=g\",\"contentUrl\":\"https:\/\/secure.gravatar.com\/avatar\/afb33d1313b8685188835edc3a7bc765b79995ca67217757eeedd405ca66311b?s=96&d=mm&r=g\",\"caption\":\"alex@textifab.com\"},\"url\":\"https:\/\/www.textifab.com\/fr\/author\/alextextifab-com\/\"}]}<\/script>\n<!-- \/ Yoast SEO Premium plugin. -->","yoast_head_json":{"title":"Accessoires textiles professionnels personnalis\u00e9s \u2013 Casquettes, bobs, bonnets","description":"Accessoires textiles techniques personnalis\u00e9s : casquettes EN 812, bobs moustiquaire, bonnets haute visibilit\u00e9. Minimum 1 000 pi\u00e8ces.","robots":{"index":"index","follow":"follow","max-snippet":"max-snippet:-1","max-image-preview":"max-image-preview:large","max-video-preview":"max-video-preview:-1"},"canonical":"https:\/\/www.textifab.com\/fr\/accessoires-textiles-professionnels\/","og_locale":"fr_FR","og_type":"article","og_title":"Accessoires textiles professionnels personnalis\u00e9s : s\u00e9curisez vos \u00e9quipes aux couleurs de votre entreprise","og_description":"Accessoires textiles techniques personnalis\u00e9s : casquettes EN 812, bobs moustiquaire, bonnets haute visibilit\u00e9. Minimum 1 000 pi\u00e8ces.","og_url":"https:\/\/www.textifab.com\/fr\/accessoires-textiles-professionnels\/","og_site_name":"Textifab","article_publisher":"https:\/\/www.facebook.com\/profile.php?id=100086633312534","article_published_time":"2025-04-17T06:48:26+00:00","article_modified_time":"2025-11-25T09:01:13+00:00","og_image":[{"width":1536,"height":1024,"url":"https:\/\/www.textifab.com\/wp-content\/uploads\/2025\/04\/Custom-Safety-Headwear-for-Outdoor-Professionals.webp","type":"image\/webp"}],"author":"alex@textifab.com","twitter_card":"summary_large_image","twitter_misc":{"\u00c9crit par":"alex@textifab.com","Dur\u00e9e de lecture estim\u00e9e":"3 minutes"},"schema":{"@context":"https:\/\/schema.org","@graph":[{"@type":"Article","@id":"https:\/\/www.textifab.com\/fr\/accessoires-textiles-professionnels\/#article","isPartOf":{"@id":"https:\/\/www.textifab.com\/fr\/accessoires-textiles-professionnels\/"},"author":{"name":"alex@textifab.com","@id":"https:\/\/www.textifab.com\/fr\/#\/schema\/person\/3525e8c28a2ed4e455b0b8d96a9ac9e0"},"headline":"Accessoires textiles professionnels personnalis\u00e9s : s\u00e9curisez vos \u00e9quipes aux couleurs de votre entreprise","datePublished":"2025-04-17T06:48:26+00:00","dateModified":"2025-11-25T09:01:13+00:00","mainEntityOfPage":{"@id":"https:\/\/www.textifab.com\/fr\/accessoires-textiles-professionnels\/"},"wordCount":546,"publisher":{"@id":"https:\/\/www.textifab.com\/fr\/#organization"},"image":{"@id":"https:\/\/www.textifab.com\/fr\/accessoires-textiles-professionnels\/#primaryimage"},"thumbnailUrl":"https:\/\/www.textifab.com\/wp-content\/uploads\/2025\/04\/Custom-Safety-Headwear-for-Outdoor-Professionals.webp","articleSection":["Non classifi\u00e9(e)"],"inLanguage":"fr-FR"},{"@type":"WebPage","@id":"https:\/\/www.textifab.com\/fr\/accessoires-textiles-professionnels\/","url":"https:\/\/www.textifab.com\/fr\/accessoires-textiles-professionnels\/","name":"Accessoires textiles professionnels personnalis\u00e9s \u2013 Casquettes, bobs, bonnets","isPartOf":{"@id":"https:\/\/www.textifab.com\/fr\/#website"},"primaryImageOfPage":{"@id":"https:\/\/www.textifab.com\/fr\/accessoires-textiles-professionnels\/#primaryimage"},"image":{"@id":"https:\/\/www.textifab.com\/fr\/accessoires-textiles-professionnels\/#primaryimage"},"thumbnailUrl":"https:\/\/www.textifab.com\/wp-content\/uploads\/2025\/04\/Custom-Safety-Headwear-for-Outdoor-Professionals.webp","datePublished":"2025-04-17T06:48:26+00:00","dateModified":"2025-11-25T09:01:13+00:00","description":"Accessoires textiles techniques personnalis\u00e9s : casquettes EN 812, bobs moustiquaire, bonnets haute visibilit\u00e9. Minimum 1 000 pi\u00e8ces.","breadcrumb":{"@id":"https:\/\/www.textifab.com\/fr\/accessoires-textiles-professionnels\/#breadcrumb"},"inLanguage":"fr-FR","potentialAction":[{"@type":"ReadAction","target":["https:\/\/www.textifab.com\/fr\/accessoires-textiles-professionnels\/"]}]},{"@type":"ImageObject","inLanguage":"fr-FR","@id":"https:\/\/www.textifab.com\/fr\/accessoires-textiles-professionnels\/#primaryimage","url":"https:\/\/www.textifab.com\/wp-content\/uploads\/2025\/04\/Custom-Safety-Headwear-for-Outdoor-Professionals.webp","contentUrl":"https:\/\/www.textifab.com\/wp-content\/uploads\/2025\/04\/Custom-Safety-Headwear-for-Outdoor-Professionals.webp","width":1536,"height":1024,"caption":"Professionnels en ext\u00e9rieur portant des accessoires de s\u00e9curit\u00e9 personnalis\u00e9s : casquette anti-heurt EN 812 avec bande r\u00e9fl\u00e9chissante, bob technique avec moustiquaire orange fluo et bonnet haute visibilit\u00e9, chacun marqu\u00e9 d\u2019un logo"},{"@type":"BreadcrumbList","@id":"https:\/\/www.textifab.com\/fr\/accessoires-textiles-professionnels\/#breadcrumb","itemListElement":[{"@type":"ListItem","position":1,"name":"Home","item":"https:\/\/www.textifab.com\/fr\/"},{"@type":"ListItem","position":2,"name":"Accessoires textiles professionnels personnalis\u00e9s : s\u00e9curisez vos \u00e9quipes aux couleurs de votre entreprise"}]},{"@type":"WebSite","@id":"https:\/\/www.textifab.com\/fr\/#website","url":"https:\/\/www.textifab.com\/fr\/","name":"Textifab","description":"","publisher":{"@id":"https:\/\/www.textifab.com\/fr\/#organization"},"potentialAction":[{"@type":"SearchAction","target":{"@type":"EntryPoint","urlTemplate":"https:\/\/www.textifab.com\/fr\/?s={search_term_string}"},"query-input":{"@type":"PropertyValueSpecification","valueRequired":true,"valueName":"search_term_string"}}],"inLanguage":"fr-FR"},{"@type":"Organization","@id":"https:\/\/www.textifab.com\/fr\/#organization","name":"Textifab","url":"https:\/\/www.textifab.com\/fr\/","logo":{"@type":"ImageObject","inLanguage":"fr-FR","@id":"https:\/\/www.textifab.com\/fr\/#\/schema\/logo\/image\/","url":"https:\/\/www.textifab.com\/wp-content\/uploads\/2023\/02\/Group-26-pzwpbkch5vpvsfzpl8id9b23kjljzvegpbq58orjcg-e1675918331862.png","contentUrl":"https:\/\/www.textifab.com\/wp-content\/uploads\/2023\/02\/Group-26-pzwpbkch5vpvsfzpl8id9b23kjljzvegpbq58orjcg-e1675918331862.png","width":242,"height":56,"caption":"Textifab"},"image":{"@id":"https:\/\/www.textifab.com\/fr\/#\/schema\/logo\/image\/"},"sameAs":["https:\/\/www.facebook.com\/profile.php?id=100086633312534","https:\/\/www.instagram.com\/textifab"]},{"@type":"Person","@id":"https:\/\/www.textifab.com\/fr\/#\/schema\/person\/3525e8c28a2ed4e455b0b8d96a9ac9e0","name":"alex@textifab.com","image":{"@type":"ImageObject","inLanguage":"fr-FR","@id":"https:\/\/secure.gravatar.com\/avatar\/afb33d1313b8685188835edc3a7bc765b79995ca67217757eeedd405ca66311b?s=96&d=mm&r=g","url":"https:\/\/secure.gravatar.com\/avatar\/afb33d1313b8685188835edc3a7bc765b79995ca67217757eeedd405ca66311b?s=96&d=mm&r=g","contentUrl":"https:\/\/secure.gravatar.com\/avatar\/afb33d1313b8685188835edc3a7bc765b79995ca67217757eeedd405ca66311b?s=96&d=mm&r=g","caption":"alex@textifab.com"},"url":"https:\/\/www.textifab.com\/fr\/author\/alextextifab-com\/"}]}},"_links":{"self":[{"href":"https:\/\/www.textifab.com\/fr\/wp-json\/wp\/v2\/posts\/5817","targetHints":{"allow":["GET"]}}],"collection":[{"href":"https:\/\/www.textifab.com\/fr\/wp-json\/wp\/v2\/posts"}],"about":[{"href":"https:\/\/www.textifab.com\/fr\/wp-json\/wp\/v2\/types\/post"}],"author":[{"embeddable":true,"href":"https:\/\/www.textifab.com\/fr\/wp-json\/wp\/v2\/users\/8"}],"replies":[{"embeddable":true,"href":"https:\/\/www.textifab.com\/fr\/wp-json\/wp\/v2\/comments?post=5817"}],"version-history":[{"count":0,"href":"https:\/\/www.textifab.com\/fr\/wp-json\/wp\/v2\/posts\/5817\/revisions"}],"wp:featuredmedia":[{"embeddable":true,"href":"https:\/\/www.textifab.com\/fr\/wp-json\/wp\/v2\/media\/5821"}],"wp:attachment":[{"href":"https:\/\/www.textifab.com\/fr\/wp-json\/wp\/v2\/media?parent=5817"}],"wp:term":[{"taxonomy":"category","embeddable":true,"href":"https:\/\/www.textifab.com\/fr\/wp-json\/wp\/v2\/categories?post=5817"},{"taxonomy":"post_tag","embeddable":true,"href":"https:\/\/www.textifab.com\/fr\/wp-json\/wp\/v2\/tags?post=5817"}],"curies":[{"name":"wp","href":"https:\/\/api.w.org\/{rel}","templated":true}]}}